{"id":143,"date":"2023-04-05T21:44:28","date_gmt":"2023-04-05T21:44:28","guid":{"rendered":"https:\/\/paramigrar.com\/?p=143"},"modified":"2023-04-05T21:44:29","modified_gmt":"2023-04-05T21:44:29","slug":"arraigo-familiar","status":"publish","type":"post","link":"https:\/\/paramigrar.com\/?p=143","title":{"rendered":"ARRAIGO FAMILIAR"},"content":{"rendered":"\n<p>Es una&nbsp;autorizaci\u00f3n de residencia temporal por circunstancias excepcionales&nbsp;que se podr\u00e1 conceder en los siguientes supuestos:<\/p>\n\n\n\n<ol class=\"wp-block-list\"><li>Cuando se trate de&nbsp;padre o madre, o tutor de un menor de nacionalidad espa\u00f1ola, o se trate de persona que presta apoyo a una persona espa\u00f1ola con discapacidad.<\/li><li>Cuando se trate del&nbsp;c\u00f3nyuge o pareja de hecho acreditada de ciudadano o ciudadana de nacionalidad espa\u00f1ola, ascendiente mayor de 65 a\u00f1os o menor de 65 a\u00f1os a cargo, descendiente menor de 21 a\u00f1os o mayor de 21 a\u00f1os a cargo, de ciudadano o ciudadana de nacionalidad espa\u00f1ola, o de su c\u00f3nyuge o pareja de hecho.<\/li><li>Cuando se trate de&nbsp;hijos de padre o madre que hubieran sido originariamente espa\u00f1oles.<\/li><\/ol>\n\n\n\n<p>Requisitos:<\/p>\n\n\n\n<ul class=\"wp-block-list\"><li>Carecer de antecedentes penales en Espa\u00f1a&nbsp;y en sus pa\u00edses anteriores de residencia durante los \u00faltimos cinco a\u00f1os por delitos existentes en el ordenamiento espa\u00f1ol.<\/li><li>No tener prohibida la entrada en Espa\u00f1a&nbsp;y no figurar como rechazable en el espacio territorial de pa\u00edses con los que Espa\u00f1a tenga firmado un convenio en tal sentido.<\/li><li>No encontrarse, en su caso, dentro del plazo de&nbsp;compromiso de no retorno a Espa\u00f1a&nbsp;que el extranjero haya asumido al retornar voluntariamente a su pa\u00eds de origen.<\/li><li>Ser padre o madre o tutor de un menor de nacionalidad espa\u00f1ola;<ul><li>Tener a cargo al menor y convivir con \u00e9l, o encontrarse al corriente respecto de las obligaciones paternofiliales respecto al mismo.<\/li><\/ul><\/li><li>Ser una&nbsp;persona que presta apoyo a una persona espa\u00f1ola con discapacidad o que requiera medidas de apoyo para el ejercicio de su capacidad jur\u00eddica:<ul><li>Tener a cargo a la persona espa\u00f1ola con discapacidad, o que requiera medidas de apoyo para el ejercicio de su capacidad jur\u00eddica, y convivir con ella.<\/li><\/ul><\/li><li>Ser el&nbsp;c\u00f3nyuge o pareja de hecho acreditada de ciudadano o ciudadana de nacionalidad espa\u00f1ola, ascendiente mayor de 65 a\u00f1os o menor de 65 a\u00f1os a cargo, descendiente menor de 21 a\u00f1os o mayor de 21 a\u00f1os a cargo, de ciudadano o ciudadana de nacionalidad espa\u00f1ola, o de su c\u00f3nyuge o pareja de hecho.<\/li><li>Ser&nbsp;hijos de padre o madre que hubieran sido originariamente espa\u00f1oles.<\/li><\/ul>\n\n\n\n<p>Quien lo solicita:&nbsp;<\/p>\n\n\n\n<ul class=\"wp-block-list\"><li>El extranjero personalmente, o su representante legal en el supuesto de ser menor o incapaz. En caso de presentaci\u00f3n electr\u00f3nica, el profesional adherido al correspondiente Convenio de colaboraci\u00f3n para la realizaci\u00f3n de tr\u00e1mites administrativos en materia de extranjer\u00eda.<\/li><li>Lugar de presentaci\u00f3n:<ul><li>Oficina de Extranjer\u00eda de la provincia en la que el extranjero tenga fijado el domicilio.&nbsp;&nbsp;<\/li><li>Electr\u00f3nicamente, a trav\u00e9s de la&nbsp;<a href=\"https:\/\/sede.administracionespublicas.gob.es\/mercurio\/inicioMercurio.html\">sede electr\u00f3nica del Ministerio de Pol\u00edtica Territorial.<\/a><\/li><\/ul><\/li><li>Tasa de residencia temporal por circunstancias excepcionales: se devengar\u00e1 en el momento de admisi\u00f3n a tr\u00e1mite de la solicitud, y deber\u00e1 abonarse en el plazo de diez d\u00edas h\u00e1biles, es:<ul><li>Modelo 790 c\u00f3digo 052, ep\u00edgrafe 2.5 \u201cautorizaci\u00f3n de residencia temporal por circunstancias excepcionales\u201d:&nbsp;a abonar por el extranjero.<\/li><\/ul><\/li><\/ul>\n\n\n\n<ul class=\"wp-block-list\"><li>Plazo de resoluci\u00f3n de la solicitud: 3 meses contados a partir del d\u00eda siguiente a la fecha en que haya tenido entrada en el registro del \u00f3rgano competente para su tramitaci\u00f3n. Transcurrido dicho plazo sin que la Administraci\u00f3n haya practicado la notificaci\u00f3n, se podr\u00e1 entender que la solicitud ha sido desestimada por silencio administrativo.&nbsp;<\/li><\/ul>\n\n\n\n<ul class=\"wp-block-list\"><li>Se conceder\u00e1 una&nbsp;autorizaci\u00f3n de residencia de cinco a\u00f1os de duraci\u00f3n que habilita a trabajar por cuenta ajena y por cuenta propia:<\/li><\/ul>\n\n\n\n<ul class=\"wp-block-list\"><li>Cuando se trate de&nbsp;padre o madre, o tutor de un menor de nacionalidad espa\u00f1ola&nbsp;o se trate de&nbsp;persona que presta apoyo a una persona espa\u00f1ola con discapacidad.<\/li><li>Cuando se trate del&nbsp;c\u00f3nyuge o pareja de hecho acreditada de ciudadano o ciudadana de nacionalidad espa\u00f1ola, ascendiente mayor de 65 a\u00f1os o menor de 65 a\u00f1os a cargo, descendiente menor de 21 a\u00f1os o mayor de 21 a\u00f1os a cargo, de ciudadano o ciudadana de nacionalidad espa\u00f1ola, o de su c\u00f3nyuge o pareja de hecho.<\/li><\/ul>\n\n\n\n<ul class=\"wp-block-list\"><li>Se conceder\u00e1&nbsp;una autorizaci\u00f3n de residencia de un a\u00f1o que habilita a trabajar por cuenta ajena y cuenta propia, a cuyo t\u00e9rmino se podr\u00e1 modificar a una&nbsp;autorizaci\u00f3n de residencia de residencia y trabajo, o solicitar la pr\u00f3rroga anual de esta autorizaci\u00f3n:<\/li><\/ul>\n\n\n\n<ul class=\"wp-block-list\"><li>Cuando se trate de hijos de padre o madre que hubieran sido originariamente espa\u00f1oles.<\/li><\/ul>\n\n\n\n<ul class=\"wp-block-list\"><li>En el plazo de un mes desde la notificaci\u00f3n de la concesi\u00f3n de la autorizaci\u00f3n de residencia por circunstancias excepcionales, el extranjero&nbsp;deber\u00e1 solicitar personalmente la Tarjeta de Identidad de Extranjero, en la Oficina de Extranjer\u00eda o Comisar\u00eda de Polic\u00eda de la provincia donde se haya tramitado la autorizaci\u00f3n.<\/li><\/ul>\n\n\n\n<ul class=\"wp-block-list\"><li>El solicitante exhibir\u00e1 en el momento del tr\u00e1mite de huella su pasaporte&nbsp;o t\u00edtulo de viaje o c\u00e9dula de inscripci\u00f3n para acreditar su identidad&nbsp;y aportar\u00e1:<ul><li>Solicitud de tarjeta de identidad de Extranjero.&nbsp;<\/li><li>Justificante del abono de la tasa&nbsp;de la tarjeta<\/li><li>Una fotograf\u00eda reciente en color, en fondo blanco, tama\u00f1o carn\u00e9.<\/li><\/ul><\/li><li>Certificado electr\u00f3nico:&nbsp;Una vez concedida su autorizaci\u00f3n, el solicitante ya puede solicitar su certificado electr\u00f3nico, que necesitar\u00e1 para tr\u00e1mites posteriores<\/li><\/ul>\n","protected":false},"excerpt":{"rendered":"<p>Es una&nbsp;autorizaci\u00f3n de residencia temporal por circunstancias excepcionales&nbsp;que se podr\u00e1 conceder en los siguientes supuestos: Cuando se trate de&nbsp;padre o madre, o tutor de un menor de nacionalidad espa\u00f1ola, o se trate de persona que presta apoyo a una persona&#8230;<\/p>\n","protected":false},"author":1,"featured_media":73,"comment_status":"open","ping_status":"open","sticky":false,"template":"","format":"standard","meta":{"om_disable_all_campaigns":false,"_monsterinsights_skip_tracking":false,"_monsterinsights_sitenote_active":false,"_monsterinsights_sitenote_note":"","_monsterinsights_sitenote_category":0,"_kadence_starter_templates_imported_post":false,"_kad_post_transparent":"","_kad_post_title":"","_kad_post_layout":"","_kad_post_sidebar_id":"","_kad_post_content_style":"","_kad_post_vertical_padding":"","_kad_post_feature":"","_kad_post_feature_position":"","_kad_post_header":false,"_kad_post_footer":false,"_kad_post_classname":"","_joinchat":[],"footnotes":""},"categories":[28,9],"tags":[29,6,5,13],"class_list":["post-143","post","type-post","status-publish","format-standard","has-post-thumbnail","hentry","category-arraigo","category-residencia","tag-arraigo","tag-espana","tag-europa","tag-familia"],"_links":{"self":[{"href":"https:\/\/paramigrar.com\/index.php?rest_route=\/wp\/v2\/posts\/143","targetHints":{"allow":["GET"]}}],"collection":[{"href":"https:\/\/paramigrar.com\/index.php?rest_route=\/wp\/v2\/posts"}],"about":[{"href":"https:\/\/paramigrar.com\/index.php?rest_route=\/wp\/v2\/types\/post"}],"author":[{"embeddable":true,"href":"https:\/\/paramigrar.com\/index.php?rest_route=\/wp\/v2\/users\/1"}],"replies":[{"embeddable":true,"href":"https:\/\/paramigrar.com\/index.php?rest_route=%2Fwp%2Fv2%2Fcomments&post=143"}],"version-history":[{"count":0,"href":"https:\/\/paramigrar.com\/index.php?rest_route=\/wp\/v2\/posts\/143\/revisions"}],"wp:featuredmedia":[{"embeddable":true,"href":"https:\/\/paramigrar.com\/index.php?rest_route=\/wp\/v2\/media\/73"}],"wp:attachment":[{"href":"https:\/\/paramigrar.com\/index.php?rest_route=%2Fwp%2Fv2%2Fmedia&parent=143"}],"wp:term":[{"taxonomy":"category","embeddable":true,"href":"https:\/\/paramigrar.com\/index.php?rest_route=%2Fwp%2Fv2%2Fcategories&post=143"},{"taxonomy":"post_tag","embeddable":true,"href":"https:\/\/paramigrar.com\/index.php?rest_route=%2Fwp%2Fv2%2Ftags&post=143"}],"curies":[{"name":"wp","href":"https:\/\/api.w.org\/{rel}","templated":true}]}}